{"id":6768,"date":"2022-10-09T22:07:17","date_gmt":"2022-10-09T22:07:17","guid":{"rendered":"https:\/\/bestroofbags.com\/?p=6768"},"modified":"2023-09-12T19:10:52","modified_gmt":"2023-09-12T19:10:52","slug":"chrysler-pacifica-roof-storage","status":"publish","type":"post","link":"https:\/\/www.bestroofbags.com\/es\/chrysler-pacifica-almacenamiento-en-el-techo\/","title":{"rendered":"Almacenamiento en el techo de la Chrysler Pacifica 2023"},"content":{"rendered":"<p>La Chrysler Pacifica es un veh\u00edculo muy notable que viene con todas las especificaciones m\u00e1s asombrosas para una minivan. Este es un veh\u00edculo t\u00edpico fabricado en EE. UU. que ha sido optimizado para una m\u00e1xima aventura familiar. A lo largo de los a\u00f1os, la Chrysler Pacifica ha recibido varias mejoras en su dise\u00f1o y est\u00e9tica. Sin embargo, la capacidad de almacenamiento del maletero sigue siendo la misma. Si bien el autom\u00f3vil cuenta con una capacidad de maletero decente, esto puede no ser suficiente para familias numerosas.<\/p>\n\n\n\n<p>Cuando va de campamento, necesita la mayor cantidad de personas posible para que sea m\u00e1s divertido. Esto significa que necesitar\u00e1 m\u00e1s espacio en la cabina y capacidad de almacenamiento adicional. En este punto, la Chrysler Pacifica es limitada. Esto significa que usted, como propietario del veh\u00edculo, deber\u00e1 considerar obtener opciones de almacenamiento adicionales para el veh\u00edculo.<\/p>\n\n\n\n<p>Esto significa que querr\u00e1s comprar un <a href=\"https:\/\/www.bestroofbags.com\/es\/toyota-sienna-techo-cargo-box\/\">caja de carga de techo<\/a> para el veh\u00edculo comprar un <a href=\"https:\/\/www.bestroofbags.com\/es\/cajas-de-carga-con-techo-mas-grande\/\">caja de carga de techo<\/a> para este veh\u00edculo ser\u00e1 un elemento adicional maravilloso. Esto le proporcionar\u00e1 el espacio de almacenamiento adicional que necesita para que m\u00e1s personas se unan a la diversi\u00f3n.<\/p>\n\n\n\n<p>Muchos sin experiencia <a href=\"https:\/\/www.bestroofbags.com\/es\/crosstrek-roof-box\/\">caja de carga de techo<\/a> los usuarios suelen pensar que el elemento afecta su forma de conducir. Moderno <a href=\"https:\/\/www.bestroofbags.com\/es\/volvo-xc90-cofre-de-techo\/\">cajas de techo<\/a> no afecte la forma en que conduce su veh\u00edculo. Estas <a href=\"https:\/\/www.bestroofbags.com\/es\/subaru-outback-roof-cargo-box\/\">cajas de carga<\/a> han sido dise\u00f1ados y dise\u00f1ados para ser ligeros y aerodin\u00e1micos.<\/p>\n\n\n\n<p>Otra gran importancia de la caja de carga de techo es el hecho de que hay muchas opciones disponibles en el mercado. Es importante saber qu\u00e9 <a href=\"https:\/\/www.bestroofbags.com\/es\/volkswagen-touareg-cofre-de-techo\/\">cajas de techo<\/a> la Chrysler Pacifica puede funcionar. Esto se debe a que no todos <a href=\"https:\/\/www.bestroofbags.com\/es\/volkswagen-passat-cofre-de-techo\/\">caja de techo<\/a> en el mercado ha sido optimizado para su veh\u00edculo. Puede terminar comprando una opci\u00f3n que puede causar m\u00e1s da\u00f1o a su veh\u00edculo.<\/p>\n\n\n\n<p>Adem\u00e1s, si bien es bueno tener opciones con cofres de techo para Pacifica, esto significa que a los compradores sin experiencia les resultar\u00e1 dif\u00edcil comprar el producto adecuado para su veh\u00edculo. Significa que comenzar\u00e1 a lidiar con diferentes tecnicismos con los que quiz\u00e1s no necesite lidiar.<\/p>\n\n\n\n<p>Es por eso que esto <a href=\"https:\/\/www.bestroofbags.com\/es\/audi-q5-cofre-guia-del-comprador\/\">Gu\u00eda de compradores<\/a> es importante.<\/p>\n\n\n\n<h2 class=\"wp-block-heading\">Caja de carga y almacenamiento en el techo de Chrysler Pacifica: Gu\u00eda del comprador<\/h2>\n\n\n\n<h3 class=\"wp-block-heading\">1. Caja de carga en el techo Thule Force XT<\/h3>\n\n\n\n<figure class=\"wp-block-image size-large\"><a href=\"https:\/\/www.amazon.com\/Thule-Force-Rooftop-Gopack-Duffel\/dp\/B07KQZ7LFN?&amp;linkCode=ll1&amp;tag=roofbags-20&amp;linkId=1da0335d979ac7ad600c2d98687ed8b4&amp;language=en_US&amp;ref_=as_li_ss_tl\" target=\"_blank\" rel=\"noreferrer noopener\"><img fetchpriority=\"high\" decoding=\"async\" width=\"1024\" height=\"768\" src=\"https:\/\/bestroofbags.com\/wp-content\/uploads\/2022\/10\/Thule-Force-XT-Rooftop-Cargo-Box-1024x768.jpg\" alt=\"Caja de carga para techo Thule Force XT\" class=\"wp-image-6770\" title=\"\" srcset=\"https:\/\/www.bestroofbags.com\/wp-content\/uploads\/2022\/10\/Thule-Force-XT-Rooftop-Cargo-Box-1024x768.jpg 1024w, https:\/\/www.bestroofbags.com\/wp-content\/uploads\/2022\/10\/Thule-Force-XT-Rooftop-Cargo-Box-300x225.jpg 300w, https:\/\/www.bestroofbags.com\/wp-content\/uploads\/2022\/10\/Thule-Force-XT-Rooftop-Cargo-Box-768x576.jpg 768w, https:\/\/www.bestroofbags.com\/wp-content\/uploads\/2022\/10\/Thule-Force-XT-Rooftop-Cargo-Box-16x12.jpg 16w, https:\/\/www.bestroofbags.com\/wp-content\/uploads\/2022\/10\/Thule-Force-XT-Rooftop-Cargo-Box.jpg 1500w\" sizes=\"(max-width: 1024px) 100vw, 1024px\" \/><\/a><\/figure>\n\n\n\n<p>La azotea Thule Force XT <a data-abc=\"true\" href=\"https:\/\/www.bestroofbags.com\/es\/techo-caja-de-carga-de-almacenamiento\/\">Cargo Box es un cofre de techo espectacular que triunfa como elegante espacio de almacenamiento<\/a> caja. Si te encantan los sensacionales cofres de carga en el techo, esta es la elecci\u00f3n perfecta para tu Chrysler Pacifica. Te enamorar\u00e1s del elegante dise\u00f1o de esta caja. Es amor a primera vista con Thule Force XT <a data-abc=\"true\" href=\"https:\/\/www.bestroofbags.com\/es\/honda-odyssey-rooftop-cargo-carrier\/\">Carga en la azotea<\/a> caja porque sus curvas aerodin\u00e1micas aumentan en gran medida su exterior negro brillante.<\/p>\n\n\n\n<p>Adem\u00e1s, otra gran raz\u00f3n para <a href=\"https:\/\/www.bestroofbags.com\/es\/deberia-comprar-o-alquilar-un-cofre-de-equipaje\/\">comprar esta caja es el hecho de que viene de un techo confiable Cargo<\/a> empresa de cajas El fabricante sueco de cofres de techo existe desde hace bastante tiempo. La compa\u00f1\u00eda es conocida por producir productos para exteriores din\u00e1micos y de calidad. Todos los productos de Thule hasta ahora han inspirado un desaf\u00edo en el mercado. La empresa sobresale cuando se trata de la azotea m\u00e1s innovadora y con visi\u00f3n de futuro. <a href=\"https:\/\/www.bestroofbags.com\/es\/subaru-outback-roof-cargo-box-guia\/\">caja de carga<\/a> fabricantes Ha inyectado esa inspiraci\u00f3n en el Thule Force XT <a href=\"https:\/\/www.bestroofbags.com\/es\/mejor-cesta-en-la-azotea\/\">Techo<\/a> Caja de carga.<\/p>\n\n\n\n<p>La caja viene con todas las caracter\u00edsticas correctas que esperar\u00eda de una caja. Ha sido dise\u00f1ado y dise\u00f1ado a la perfecci\u00f3n. Esto significa que est\u00e1 listo para ser montado en cualquier SUV o minivan. La caja Thule se ofrece en cuatro tama\u00f1os diferentes seg\u00fan los requisitos del comprador. Tal como est\u00e1n las cosas, no mucha gente preferir\u00eda optar por el tama\u00f1o m\u00e1s grande del mercado.<\/p>\n\n\n\n<p>Por lo tanto, la empresa ha introducido cuatro variantes de tama\u00f1o diferentes para satisfacer las necesidades de los clientes. En t\u00e9rminos de variantes de tama\u00f1o, obtienes 11, 16, 18 y 22 pies c\u00fabicos como opciones.<\/p>\n\n\n\n<p>Adem\u00e1s, hemos probado y probado todas las cajas de carga de techo. A partir de nuestros resultados, descubrimos que la opci\u00f3n de 16 pies c\u00fabicos es la opci\u00f3n m\u00e1s perfecta para la Chrysler Pacifica. Al pensar en el tama\u00f1o, la opci\u00f3n de 16 pies c\u00fabicos no es ni peque\u00f1a ni grande. No se ve fuera de lugar con su veh\u00edculo.<\/p>\n\n\n\n<p>En cuanto a por qu\u00e9 los compradores deber\u00edan agregar la caja de carga en el techo Thule Force XT a sus carritos de compras, hay varias razones. El cofre de techo Thule Force XT Rooftop Cargo es otro lanzamiento notable que est\u00e1 armado con una colecci\u00f3n de caracter\u00edsticas.<\/p>\n\n\n\n<p>En el primer caso, la bolsa tiene una caracter\u00edstica aerodin\u00e1mica que minimiza la resistencia y el ruido. Esto significa que mejora la <a href=\"https:\/\/www.bestroofbags.com\/es\/hacer-barras-de-techo-reducir-la-economia-de-combustible\/\">econom\u00eda de combustible<\/a> de cualquier veh\u00edculo. Si bien la bolsa puede parecer demasiado grande, se ve est\u00e9ticamente agradable a la vista. los <a href=\"https:\/\/www.bestroofbags.com\/es\/\">los productores de bolsas han agregado caracter\u00edsticas para ayudar a asegurar la caja de carga del techo<\/a>. Obtiene el sistema de montaje PowerClick que ayuda a asegurar la bolsa.<\/p>\n\n\n\n<p>El Force XT viene con f\u00e1cil accesibilidad y aumenta sus caracter\u00edsticas de seguridad. Obtiene aberturas a ambos lados de la caja de carga del techo. Esta caracter\u00edstica facilita mucho la carga y descarga. Como innovadora caja de carga en el techo, es \u00fatil para los amantes del esqu\u00ed. El cofre de techo Thule Force XT tiene suficiente espacio de almacenamiento para patinetas, esqu\u00eds, etc. Incluso puedes guardar tus sillas de camping en esta bolsa. Con esta capacidad de almacenamiento adicional, puede crear espacio adicional en su veh\u00edculo.<\/p>\n\n\n\n<p>Tambi\u00e9n obtienes funciones antirrobo con esta bolsa. Esta caracter\u00edstica significa que tu cofre de carga en el techo siempre est\u00e1 seguro, incluso cuando no est\u00e1s cerca. Las caracter\u00edsticas de la caja vienen con un juego de llaves dobles y dos perillas de bloqueo. Le garantiza la tranquilidad de saber que todos sus art\u00edculos almacenados est\u00e1n seguros. Compre para mejorar la seguridad y la funci\u00f3n segura de la bolsa, debe asegurarse de que la bolsa est\u00e9 completamente asegurada y cerrada.<\/p>\n\n\n<div class=\"affx-pros-cons-wrapper wp-block-affiliatex-pros-and-cons\" id=\"affiliatex-pros-cons-style-5ea00e74-2198-497e-8aed-fc1c92cecfbf\">\n\t<div class=\"affx-pros-cons-inner-wrapper layout-type-1 content-align-left\">\n\t\t<div class=\"affx-pros-inner\">\n\t\t\t<div class=\"pros-icon-title-wrap\">\n\t\t\t\t<div class=\"affiliatex-block-pros\">\n\t\t\t\t\t\t\t\t\t\t\t<i class=\"far fa-thumbs-up\"><\/i>\n\t\t\t\t\t\t\t\t\t\t<p class=\"affiliatex-title\">ventajas<\/p>\n\t\t\t\t<\/div>\n\t\t\t<\/div>\n\t\t\t<div class=\"affiliatex-pros\">\n\t\t\t\t\t\t\t\t\t\t<ul class=\"affiliatex-list affiliatex-list-type-unordered afx-icon-list\">\n\t\t\t\t\t\t\t\t\t\t\t\t\t\t<li>\n\t\t\t\t\t\t\t\t\t\t\t<i class=\"far fa-circle-check\"><\/i>\n\t\t\t\t\t\t\t\t\t\t<span>Bonita est\u00e9tica.<\/span>\n\t\t\t\t<\/li>\n\t\t\t\t\t\t\t\t\t\t\t\t\t\t\t\t<li>\n\t\t\t\t\t\t\t\t\t\t\t<i class=\"far fa-circle-check\"><\/i>\n\t\t\t\t\t\t\t\t\t\t<span>Funciona perfectamente en SUV.<\/span>\n\t\t\t\t<\/li>\n\t\t\t\t\t\t\t\t\t\t\t\t\t\t\t\t<li>\n\t\t\t\t\t\t\t\t\t\t\t<i class=\"far fa-circle-check\"><\/i>\n\t\t\t\t\t\t\t\t\t\t<span>Disponible en cuatro variantes de tama\u00f1o diferentes.<\/span>\n\t\t\t\t<\/li>\n\t\t\t\t\t\t\t\t\t\t\t\t\t\t\t\t<li>\n\t\t\t\t\t\t\t\t\t\t\t<i class=\"far fa-circle-check\"><\/i>\n\t\t\t\t\t\t\t\t\t\t<span>Viene con una excelente econom\u00eda de combustible.<\/span>\n\t\t\t\t<\/li>\n\t\t\t\t\t\t\t\t\t\t\t\t\t\t\t\t<li>\n\t\t\t\t\t\t\t\t\t\t\t<i class=\"far fa-circle-check\"><\/i>\n\t\t\t\t\t\t\t\t\t\t<span>El sistema de montaje PowerClick ayuda a mejorar la instalaci\u00f3n.<\/span>\n\t\t\t\t<\/li>\n\t\t\t\t\t\t\t\t\t\t\t\t\t\t\t\t<li>\n\t\t\t\t\t\t\t\t\t\t\t<i class=\"far fa-circle-check\"><\/i>\n\t\t\t\t\t\t\t\t\t\t<span>Cuenta con una apertura de doble lado.<\/span>\n\t\t\t\t<\/li>\n\t\t\t\t\t\t\t\t\t\t\t\t\t\t\t\t<li>\n\t\t\t\t\t\t\t\t\t\t\t<i class=\"far fa-circle-check\"><\/i>\n\t\t\t\t\t\t\t\t\t\t<span>Cuenta con un juego de llaves y dos candados para proteger y asegurar su equipo.<\/span>\n\t\t\t\t<\/li>\n\t\t\t\t\t\t\t<\/ul>\n\t\t\t\t\t\t\t<\/div>\n\t\t<\/div>\n\t\t<div class=\"affx-cons-inner\">\n\t\t\t<div class=\"cons-icon-title-wrap\">\n\t\t\t\t<div class=\"affiliatex-block-cons\">\n\t\t\t\t\t\t\t\t\t\t\t<i class=\"far fa-thumbs-down\"><\/i>\n\t\t\t\t\t\t\t\t\t\t<p class=\"affiliatex-title\">Contras<\/p>\n\t\t\t\t<\/div>\n\t\t\t<\/div>\n\t\t\t<div class=\"affiliatex-cons\">\n\t\t\t\t\t\t\t\t\t\t<ul class=\"affiliatex-list affiliatex-list-type-unordered afx-icon-list\">\n\t\t\t\t\t\t\t\t\t\t\t\t\t\t<li>\n\t\t\t\t\t\t\t\t\t\t\t<i class=\"far fa-circle-xmark\"><\/i>\n\t\t\t\t\t\t\t\t\t\t<span>Disponible en opciones de color limitadas.<\/span>\n\t\t\t\t<\/li>\n\t\t\t\t\t\t\t<\/ul>\n\t\t\t\t\t\t\t<\/div>\n\t\t<\/div>\n\t<\/div>\n<\/div>\n\n\n<div class=\"affx-btn-wrapper wp-block-affiliatex-buttons\" id=\"affiliatex-blocks-style-130669bf-712b-41da-8a26-26a4aaafc2c1\">\n\t<div class=\"affx-btn-inner\">\n\t\t<a href=\"https:\/\/www.amazon.com\/Thule-Force-Rooftop-Gopack-Duffel\/dp\/B07KQZ7LFN?&#038;linkCode=ll1&#038;tag=roofbags-20&#038;linkId=1da0335d979ac7ad600c2d98687ed8b4&#038;language=en_US&#038;ref_=as_li_ss_tl\" class=\"affiliatex-button btn-align-flex-start btn-is-medium btn-is-flex-medium icon-right\" rel=\"noopener\" target=\"_blank\">\n\t\t\t\t\t\t<span class=\"affiliatex-btn\">Consultar precio en Amazon<\/span>\n\t\t\t<i class=\"button-icon fas fa-arrow-right\"><\/i>\t\t\t\t\t<\/a>\n\t<\/div>\n<\/div>\n\n\n\n<h3 class=\"wp-block-heading\">2. Cofre de techo Goplus Cargo<\/h3>\n\n\n\n<figure class=\"wp-block-image size-large\"><a href=\"https:\/\/www.amazon.com\/Goplus-Waterproof-Rooftop-Carrier-Storage\/dp\/B07K75WXYJ?&amp;linkCode=ll1&amp;tag=roofbags-20&amp;linkId=49193c8b1441bc1aa20b40709a22af91&amp;language=en_US&amp;ref_=as_li_ss_tl\" target=\"_blank\" rel=\"noreferrer noopener\"><img decoding=\"async\" width=\"1024\" height=\"794\" src=\"https:\/\/bestroofbags.com\/wp-content\/uploads\/2022\/10\/Goplus-Cargo-Rooftop-Box-1024x794.jpg\" alt=\"Cofre de techo Goplus Cargo\" class=\"wp-image-6771\" title=\"\" srcset=\"https:\/\/www.bestroofbags.com\/wp-content\/uploads\/2022\/10\/Goplus-Cargo-Rooftop-Box-1024x794.jpg 1024w, https:\/\/www.bestroofbags.com\/wp-content\/uploads\/2022\/10\/Goplus-Cargo-Rooftop-Box-300x233.jpg 300w, https:\/\/www.bestroofbags.com\/wp-content\/uploads\/2022\/10\/Goplus-Cargo-Rooftop-Box-768x595.jpg 768w, https:\/\/www.bestroofbags.com\/wp-content\/uploads\/2022\/10\/Goplus-Cargo-Rooftop-Box-15x12.jpg 15w, https:\/\/www.bestroofbags.com\/wp-content\/uploads\/2022\/10\/Goplus-Cargo-Rooftop-Box.jpg 1500w\" sizes=\"(max-width: 1024px) 100vw, 1024px\" \/><\/a><\/figure>\n\n\n\n<p>Presentamos el ba\u00fal de techo GoPlus para tu Chrysler Pacifica. Este es un cofre de techo elegante y hermoso que lo ayudar\u00e1 a realzar la belleza de su veh\u00edculo. La GoPlus puede ser un producto hermoso para comprar en el mercado, pero se recomienda que a\u00fan verifiques sus caracter\u00edsticas. Sin embargo, este es un lanzamiento de producto atractivo de Goplus, otra marca familiar en el negocio de cofres de techo para veh\u00edculos.<\/p>\n\n\n\n<p>La caja presenta una combinaci\u00f3n sutil entre su color negro intenso y su forma ergon\u00f3mica para mejorar el rendimiento. La caja viene con un aspecto deslumbrante que lo inspirar\u00e1 a comprarla incluso antes de conocer sus especificaciones.<\/p>\n\n\n\n<p>Entonces, \u00bfcon qu\u00e9 caracter\u00edsticas viene el ba\u00fal de techo GoPlus Cargo?<\/p>\n\n\n\n<p>El ba\u00fal de techo GoPlus Cargo ha sido dise\u00f1ado para incluir un espacio de almacenamiento suficiente de aproximadamente 14 pies c\u00fabicos. Adem\u00e1s, los propietarios tambi\u00e9n obtendr\u00e1n una bolsa que viene con una capacidad de carga de casi 170 libras. La bolsa ha sido fabricada con materiales PC y ABS lo suficientemente robustos para proteger cualquier producto. El uso de una combinaci\u00f3n de materiales de ABS y PC produjo un material duradero y liviano que mejora el rendimiento y la funcionalidad.<\/p>\n\n\n\n<p>Adem\u00e1s, con esta caja de carga de techo, tiene refuerzos de tapa que se presentan en la parte inferior de este producto. Con la tapa m\u00e1s r\u00edgida, se le da m\u00e1s rigidez a la caja mientras que tambi\u00e9n se mejoran la seguridad y la estabilidad.<\/p>\n\n\n\n<p>Cuando se trata de si este producto cabe en su minivan, la respuesta es un rotundo s\u00ed. La caja de carga GoPlus Rooftop parece haber sido hecha a la medida para la Chrysler Pacifica. Esta caja de carga para el techo se adapta perfectamente a la mayor\u00eda de los veh\u00edculos, desde SUV hasta furgonetas. Ser\u00e1 una opci\u00f3n perfecta para tu minivan por sus especificaciones y tama\u00f1o.<\/p>\n\n\n\n<p>Obtiene un producto ergon\u00f3mico que cuenta con curvas aerodin\u00e1micas y una parte delantera c\u00f3nica para aumentar el flujo de aire. Esta caracter\u00edstica lo ayuda a reducir la resistencia y el ruido al mismo tiempo que aumenta la eficiencia del combustible.<\/p>\n\n\n\n<p>Debido a las curvas elegantes y suaves de la caja, no se dar\u00e1 cuenta de esta caja durante la mayor parte de su viaje. Adem\u00e1s, la caja viene con una incre\u00edble colecci\u00f3n de funciones de seguridad. Esta caja de carga cuenta con un mecanismo de doble bloqueo que tambi\u00e9n viene con dos llaves con n\u00fameros. Puedes hacer una copia de las llaves para no perder el producto original.<\/p>\n\n\n\n<p>Adem\u00e1s, la caja de carga GoPlus Rooftop mejora su seguridad al presentar una delicada apertura de dos lados. Esto significa que no tendr\u00e1 que arriesgarlo todo con el tr\u00e1fico que se aproxima cuando intente alcanzar las entra\u00f1as de su caja. Con una doble apertura desde ambos lados de la caja, puede optar por acceder a la caja desde el lado seguro de la carretera. Adem\u00e1s, esta caracter\u00edstica de doble cara significa que puede elegir d\u00f3nde acceder a la caja.<\/p>\n\n\n\n<p>Adem\u00e1s, las cajas de carga GoPlus Rooftop vienen con varios otros puntos de venta, como su Super Latch Security y su f\u00e1cil instalaci\u00f3n.<\/p>\n\n\n<div class=\"affx-pros-cons-wrapper wp-block-affiliatex-pros-and-cons\" id=\"affiliatex-pros-cons-style-494997b1-4717-43fd-beed-399a3844b7f1\">\n\t<div class=\"affx-pros-cons-inner-wrapper layout-type-1 content-align-left\">\n\t\t<div class=\"affx-pros-inner\">\n\t\t\t<div class=\"pros-icon-title-wrap\">\n\t\t\t\t<div class=\"affiliatex-block-pros\">\n\t\t\t\t\t\t\t\t\t\t\t<i class=\"far fa-thumbs-up\"><\/i>\n\t\t\t\t\t\t\t\t\t\t<p class=\"affiliatex-title\">ventajas<\/p>\n\t\t\t\t<\/div>\n\t\t\t<\/div>\n\t\t\t<div class=\"affiliatex-pros\">\n\t\t\t\t\t\t\t\t\t\t<ul class=\"affiliatex-list affiliatex-list-type-unordered afx-icon-list\">\n\t\t\t\t\t\t\t\t\t\t\t\t\t\t<li>\n\t\t\t\t\t\t\t\t\t\t\t<i class=\"far fa-circle-check\"><\/i>\n\t\t\t\t\t\t\t\t\t\t<span>Esta es una caja de carga atractiva.<\/span>\n\t\t\t\t<\/li>\n\t\t\t\t\t\t\t\t\t\t\t\t\t\t\t\t<li>\n\t\t\t\t\t\t\t\t\t\t\t<i class=\"far fa-circle-check\"><\/i>\n\t\t\t\t\t\t\t\t\t\t<span>Esta es una caja de carga duradera y liviana.<\/span>\n\t\t\t\t<\/li>\n\t\t\t\t\t\t\t\t\t\t\t\t\t\t\t\t<li>\n\t\t\t\t\t\t\t\t\t\t\t<i class=\"far fa-circle-check\"><\/i>\n\t\t\t\t\t\t\t\t\t\t<span>Es una caja de carga vers\u00e1til.<\/span>\n\t\t\t\t<\/li>\n\t\t\t\t\t\t\t\t\t\t\t\t\t\t\t\t<li>\n\t\t\t\t\t\t\t\t\t\t\t<i class=\"far fa-circle-check\"><\/i>\n\t\t\t\t\t\t\t\t\t\t<span>Su dise\u00f1o aerodin\u00e1mico ayuda a reducir la resistencia al viento.<\/span>\n\t\t\t\t<\/li>\n\t\t\t\t\t\t\t<\/ul>\n\t\t\t\t\t\t\t<\/div>\n\t\t<\/div>\n\t\t<div class=\"affx-cons-inner\">\n\t\t\t<div class=\"cons-icon-title-wrap\">\n\t\t\t\t<div class=\"affiliatex-block-cons\">\n\t\t\t\t\t\t\t\t\t\t\t<i class=\"far fa-thumbs-down\"><\/i>\n\t\t\t\t\t\t\t\t\t\t<p class=\"affiliatex-title\">Contras<\/p>\n\t\t\t\t<\/div>\n\t\t\t<\/div>\n\t\t\t<div class=\"affiliatex-cons\">\n\t\t\t\t\t\t\t\t\t\t<ul class=\"affiliatex-list affiliatex-list-type-unordered afx-icon-list\">\n\t\t\t\t\t\t\t\t\t\t\t\t\t\t<li>\n\t\t\t\t\t\t\t\t\t\t\t<i class=\"far fa-circle-xmark\"><\/i>\n\t\t\t\t\t\t\t\t\t\t<span>Opciones limitadas de color y estilo.<\/span>\n\t\t\t\t<\/li>\n\t\t\t\t\t\t\t<\/ul>\n\t\t\t\t\t\t\t<\/div>\n\t\t<\/div>\n\t<\/div>\n<\/div>\n\n\n<div class=\"affx-btn-wrapper wp-block-affiliatex-buttons\" id=\"affiliatex-blocks-style-e594ddef-3367-49a6-8987-d88da8a14bdf\">\n\t<div class=\"affx-btn-inner\">\n\t\t<a href=\"https:\/\/www.amazon.com\/Goplus-Waterproof-Rooftop-Carrier-Storage\/dp\/B07K75WXYJ?&#038;linkCode=ll1&#038;tag=roofbags-20&#038;linkId=49193c8b1441bc1aa20b40709a22af91&#038;language=en_US&#038;ref_=as_li_ss_tl\" class=\"affiliatex-button btn-align-flex-start btn-is-medium btn-is-flex-medium icon-right\" rel=\"noopener\" target=\"_blank\">\n\t\t\t\t\t\t<span class=\"affiliatex-btn\">Consultar precio en Amazon<\/span>\n\t\t\t<i class=\"button-icon fas fa-arrow-right\"><\/i>\t\t\t\t\t<\/a>\n\t<\/div>\n<\/div>\n\n\n\n<h3 class=\"wp-block-heading\">3. Portaequipajes deportivo Horizon Alpine<\/h3>\n\n\n\n<figure class=\"wp-block-image size-large\"><a href=\"https:\/\/www.amazon.com\/SportRack-Horizon-Cargo-Alpine-Cubic\/dp\/B00BCLL7C6?th=1&amp;linkCode=ll1&amp;tag=roofbags-20&amp;linkId=1be4e5a92ae170df01ef85335a7052e9&amp;language=en_US&amp;ref_=as_li_ss_tl\" target=\"_blank\" rel=\"noreferrer noopener\"><img decoding=\"async\" width=\"1024\" height=\"668\" src=\"https:\/\/bestroofbags.com\/wp-content\/uploads\/2022\/10\/Sport-Rack-Horizon-Alpine-1024x668.jpg\" alt=\"Portabultos Sport Horizon Alpine\" class=\"wp-image-6772\" title=\"\" srcset=\"https:\/\/www.bestroofbags.com\/wp-content\/uploads\/2022\/10\/Sport-Rack-Horizon-Alpine-1024x668.jpg 1024w, https:\/\/www.bestroofbags.com\/wp-content\/uploads\/2022\/10\/Sport-Rack-Horizon-Alpine-300x196.jpg 300w, https:\/\/www.bestroofbags.com\/wp-content\/uploads\/2022\/10\/Sport-Rack-Horizon-Alpine-768x501.jpg 768w, https:\/\/www.bestroofbags.com\/wp-content\/uploads\/2022\/10\/Sport-Rack-Horizon-Alpine-18x12.jpg 18w, https:\/\/www.bestroofbags.com\/wp-content\/uploads\/2022\/10\/Sport-Rack-Horizon-Alpine.jpg 1500w\" sizes=\"(max-width: 1024px) 100vw, 1024px\" \/><\/a><\/figure>\n\n\n\n<p>El Sport Rack Horizon Alpine puede no ser una marca muy popular de la caja de carga. Sin embargo, esta es sin duda una buena opci\u00f3n para tu Chrysler Pacifica. Los fabricantes de este cofre de techo se destacan cuando se trata de productos confiables, de gran durabilidad y calidad.<\/p>\n\n\n\n<p>Fabricada con material ABS, la caja de carga para techo cuenta con una construcci\u00f3n resistente que garantiza durabilidad y facilidad de servicio. Este material externo resistente ayuda a mejorar la resistencia de la caja a los rayos ultravioleta.<\/p>\n\n\n\n<p>El Sport Rack Horizon Alpine tiene una sola abertura lateral en el lado del pasajero. Este es un inconveniente de un producto de tanta calidad. Afecta su competitividad en el mercado en un negocio abarrotado donde la mayor\u00eda de las cajas de carga detectan aberturas de dos lados. Sin embargo, la apertura de un solo lado est\u00e1 destinada a mantener la seguridad del usuario al acceder a los art\u00edculos de la caja porque est\u00e1 ubicada en el lado del pasajero.<\/p>\n\n\n\n<p>Esta caja de carga detecta el kit de fijaci\u00f3n de liberaci\u00f3n r\u00e1pida, que ayuda a sujetar y simplificar el proceso de instalaci\u00f3n. Este kit es \u00fatil para todo tipo de usuarios incluso para aquellos que no est\u00e1n acostumbrados a las instalaciones de bricolaje.<\/p>\n\n\n\n<p>Esta caja de carga en el techo tiene un gran dise\u00f1o que lo hace bueno para minimizar el consumo de combustible. Adem\u00e1s, el dise\u00f1o aerodin\u00e1mico presenta muchas curvas elegantes y ergonom\u00eda que ayudan a mejorar la apariencia suave y elegante de la caja. Adem\u00e1s, el dise\u00f1o aerodin\u00e1mico ayuda a reducir la resistencia y mejora los grandes ahorros.<\/p>\n\n\n\n<p>Este cofre de techo es ideal para disfrutar de muchas actividades al aire libre, especialmente esquiar. Se recomienda que las personas amantes del esqu\u00ed opten por el Sport Rack Horizon Alpine. Con la caja de carga en el techo, puede colocar f\u00e1cilmente de 2 a 3 tablas de snowboard. O puede transportar f\u00e1cilmente de 3 a 6 pares de esqu\u00eds.<\/p>\n\n\n\n<p>El Sport Rack Horizon Alpine es conocido por producir ruidos de viento m\u00ednimos. Muchos usuarios suelen preocuparse por los cofres de techo de carga, sin embargo, esta opci\u00f3n reduce eso. Numerosas pruebas y evaluaciones han podido demostrar sin lugar a dudas que este producto minimiza los ruidos del viento.<\/p>\n\n\n\n<p>En el an\u00e1lisis final, el Sport Rack Horizon Alpine viene con una garant\u00eda limitada de por vida. Esto significa que si accidentalmente compr\u00f3 un producto defectuoso, su dinero no se desperdiciar\u00e1.<\/p>\n\n\n<div class=\"affx-pros-cons-wrapper wp-block-affiliatex-pros-and-cons\" id=\"affiliatex-pros-cons-style-19067db8-d874-43ff-bb51-d6bffe02fdfa\">\n\t<div class=\"affx-pros-cons-inner-wrapper layout-type-1 content-align-left\">\n\t\t<div class=\"affx-pros-inner\">\n\t\t\t<div class=\"pros-icon-title-wrap\">\n\t\t\t\t<div class=\"affiliatex-block-pros\">\n\t\t\t\t\t\t\t\t\t\t\t<i class=\"far fa-thumbs-up\"><\/i>\n\t\t\t\t\t\t\t\t\t\t<p class=\"affiliatex-title\">ventajas<\/p>\n\t\t\t\t<\/div>\n\t\t\t<\/div>\n\t\t\t<div class=\"affiliatex-pros\">\n\t\t\t\t\t\t\t\t\t\t<ul class=\"affiliatex-list affiliatex-list-type-unordered afx-icon-list\">\n\t\t\t\t\t\t\t\t\t\t\t\t\t\t<li>\n\t\t\t\t\t\t\t\t\t\t\t<i class=\"far fa-circle-check\"><\/i>\n\t\t\t\t\t\t\t\t\t\t<span>Hecho de material pl\u00e1stico ABS para una durabilidad extrema y resistencia a los rayos UV.<\/span>\n\t\t\t\t<\/li>\n\t\t\t\t\t\t\t\t\t\t\t\t\t\t\t\t<li>\n\t\t\t\t\t\t\t\t\t\t\t<i class=\"far fa-circle-check\"><\/i>\n\t\t\t\t\t\t\t\t\t\t<span>Cuenta con el kit de fijaci\u00f3n de liberaci\u00f3n r\u00e1pida que hace que la instalaci\u00f3n sea f\u00e1cil y r\u00e1pida.<\/span>\n\t\t\t\t<\/li>\n\t\t\t\t\t\t\t\t\t\t\t\t\t\t\t\t<li>\n\t\t\t\t\t\t\t\t\t\t\t<i class=\"far fa-circle-check\"><\/i>\n\t\t\t\t\t\t\t\t\t\t<span>Aerodin\u00e1mica mejorada para aumentar el consumo de combustible.<\/span>\n\t\t\t\t<\/li>\n\t\t\t\t\t\t\t\t\t\t\t\t\t\t\t\t<li>\n\t\t\t\t\t\t\t\t\t\t\t<i class=\"far fa-circle-check\"><\/i>\n\t\t\t\t\t\t\t\t\t\t<span>Viene con una garant\u00eda limitada de por vida.<\/span>\n\t\t\t\t<\/li>\n\t\t\t\t\t\t\t\t\t\t\t\t\t\t\t\t<li>\n\t\t\t\t\t\t\t\t\t\t\t<i class=\"far fa-circle-check\"><\/i>\n\t\t\t\t\t\t\t\t\t\t<span>Reduce el ruido del viento al m\u00ednimo.<\/span>\n\t\t\t\t<\/li>\n\t\t\t\t\t\t\t<\/ul>\n\t\t\t\t\t\t\t<\/div>\n\t\t<\/div>\n\t\t<div class=\"affx-cons-inner\">\n\t\t\t<div class=\"cons-icon-title-wrap\">\n\t\t\t\t<div class=\"affiliatex-block-cons\">\n\t\t\t\t\t\t\t\t\t\t\t<i class=\"far fa-thumbs-down\"><\/i>\n\t\t\t\t\t\t\t\t\t\t<p class=\"affiliatex-title\">Contras<\/p>\n\t\t\t\t<\/div>\n\t\t\t<\/div>\n\t\t\t<div class=\"affiliatex-cons\">\n\t\t\t\t\t\t\t\t\t\t<ul class=\"affiliatex-list affiliatex-list-type-unordered afx-icon-list\">\n\t\t\t\t\t\t\t\t\t\t\t\t\t\t<li>\n\t\t\t\t\t\t\t\t\t\t\t<i class=\"far fa-circle-xmark\"><\/i>\n\t\t\t\t\t\t\t\t\t\t<span>No es una marca popular de carga en el techo.<\/span>\n\t\t\t\t<\/li>\n\t\t\t\t\t\t\t\t\t\t\t\t\t\t\t\t<li>\n\t\t\t\t\t\t\t\t\t\t\t<i class=\"far fa-circle-xmark\"><\/i>\n\t\t\t\t\t\t\t\t\t\t<span>Tiene una sola apertura lateral.<\/span>\n\t\t\t\t<\/li>\n\t\t\t\t\t\t\t<\/ul>\n\t\t\t\t\t\t\t<\/div>\n\t\t<\/div>\n\t<\/div>\n<\/div>\n\n\n<div class=\"affx-btn-wrapper wp-block-affiliatex-buttons\" id=\"affiliatex-blocks-style-733e4d93-b903-447e-877d-5d20da8a2abd\">\n\t<div class=\"affx-btn-inner\">\n\t\t<a href=\"https:\/\/www.amazon.com\/SportRack-Horizon-Cargo-Alpine-Cubic\/dp\/B00BCLL7C6?th=1&#038;linkCode=ll1&#038;tag=roofbags-20&#038;linkId=1be4e5a92ae170df01ef85335a7052e9&#038;language=en_US&#038;ref_=as_li_ss_tl\" class=\"affiliatex-button btn-align-flex-start btn-is-medium btn-is-flex-medium icon-right\" rel=\"noopener\" target=\"_blank\">\n\t\t\t\t\t\t<span class=\"affiliatex-btn\">Consultar precio en Amazon<\/span>\n\t\t\t<i class=\"button-icon fas fa-arrow-right\"><\/i>\t\t\t\t\t<\/a>\n\t<\/div>\n<\/div>\n\n\n\n<h3 class=\"wp-block-heading\">4. Portaequipajes de techo JEGS 90098<\/h3>\n\n\n\n<figure class=\"wp-block-image size-large\"><a href=\"https:\/\/www.amazon.com\/JEGS-Performance-Products-Rooftop-Capacity\/dp\/B078WK774N?th=1&amp;linkCode=ll1&amp;tag=roofbags-20&amp;linkId=97822f8d61175184a2c102b6d72cadbf&amp;language=en_US&amp;ref_=as_li_ss_tl\" target=\"_blank\" rel=\"noreferrer noopener\"><img loading=\"lazy\" decoding=\"async\" width=\"1024\" height=\"639\" src=\"https:\/\/bestroofbags.com\/wp-content\/uploads\/2022\/10\/JEGS-90098-Rooftop-Cargo-Carrier-1024x639.jpg\" alt=\"JEGS 90098 Portaequipajes de techo\" class=\"wp-image-6774\" title=\"\" srcset=\"https:\/\/www.bestroofbags.com\/wp-content\/uploads\/2022\/10\/JEGS-90098-Rooftop-Cargo-Carrier-1024x639.jpg 1024w, https:\/\/www.bestroofbags.com\/wp-content\/uploads\/2022\/10\/JEGS-90098-Rooftop-Cargo-Carrier-300x187.jpg 300w, https:\/\/www.bestroofbags.com\/wp-content\/uploads\/2022\/10\/JEGS-90098-Rooftop-Cargo-Carrier-768x480.jpg 768w, https:\/\/www.bestroofbags.com\/wp-content\/uploads\/2022\/10\/JEGS-90098-Rooftop-Cargo-Carrier-18x12.jpg 18w, https:\/\/www.bestroofbags.com\/wp-content\/uploads\/2022\/10\/JEGS-90098-Rooftop-Cargo-Carrier.jpg 1459w\" sizes=\"(max-width: 1024px) 100vw, 1024px\" \/><\/a><\/figure>\n\n\n\n<p>El portaequipajes de techo JEGS 90098 es un portaequipajes de techo duradero y de calidad que proviene de una marca relativamente conocida. Este cofre de techo cl\u00e1sico con un dise\u00f1o minimalista es otra gran opci\u00f3n para tu Chrysler Pacifica. Obtiene otro portaequipajes de techo cl\u00e1sico para ayudarlo a liberar m\u00e1s espacio en la cabina de su veh\u00edculo.<\/p>\n\n\n\n<p>El portaequipajes de techo es de gran calidad y se puede utilizar muy f\u00e1cilmente. Tambi\u00e9n es un producto duradero que garantiza la capacidad de servicio a largo plazo.<\/p>\n\n\n\n<p>Este cofre de techo se ha fabricado con polietileno de alta densidad para ayudar a que este cofre de techo ofrezca un gran rendimiento.<\/p>\n\n\n\n<p>El portaequipajes de techo JEGS 90098 se fabric\u00f3 con inhibidores de rayos ultravioleta destinados a proteger la caja de carga del techo contra grietas y decoloraci\u00f3n. Esta caracter\u00edstica especial ayuda a proteger la caja de carga para todas las estaciones.<\/p>\n\n\n\n<p>Si bien esta caja parece algo voluminosa, se ha fabricado con un material liviano para mejorar su uso general. Tiene una caja de carga en el techo que viene con una aerodin\u00e1mica mejorada, lo que significa que se mejora la eficiencia del combustible. Tambi\u00e9n ayuda a reducir la resistencia y el ruido del viento para una mejor experiencia de conducci\u00f3n.<\/p>\n\n\n\n<p>Si le preocupa lo que har\u00e1 el clima en su caja de carga, esta opci\u00f3n detecta una funci\u00f3n para contrarrestar esta desventaja. Esta caja viene completamente equipada con pestillos para fardos de primera calidad destinados a proteger la caja de condiciones clim\u00e1ticas extremas.<\/p>\n\n\n\n<p>La caja de carga se ha fabricado con un material ligero, por lo que se puede montar y desmontar f\u00e1cilmente. Con esta funci\u00f3n, montar la caja de carga en el techo puede ser cuesti\u00f3n de minutos. Lo mismo puede decirse del proceso de desmontaje.<\/p>\n\n\n\n<p>El portaequipajes de techo JEGS 90098 ha sido dise\u00f1ado para ser un producto compacto y peque\u00f1o que cabe en cualquier autom\u00f3vil. Esto significa que nunca debe preocuparse por colocar esta bolsa en su Chrysler Pacifica.<\/p>\n\n\n\n<p>Una gran caracter\u00edstica del portaequipajes de techo JEGS 90098 es que cuenta con una amplia gama de funciones que sin duda satisfar\u00e1n los requisitos de cualquier persona a la que le gusten las aventuras.<\/p>\n\n\n\n<p>En comparaci\u00f3n con muchas otras opciones similares en el mercado, el portaequipajes de techo JEGS 90098 es una opci\u00f3n econ\u00f3mica para su Chrysler Pacifica. Puede que no parezca mucho, pero hace el trabajo.<\/p>\n\n\n\n<p>Adem\u00e1s, lo que pasa con esta opci\u00f3n es que mucha gente suele pensar que el cofre de techo tiene una est\u00e9tica pobre. Pero esto no quita las capacidades de esta bolsa de almacenamiento en la azotea. Es una opci\u00f3n imprescindible para los usuarios que buscan bolsas de techo pr\u00e1cticas y que est\u00e9n al alcance de su presupuesto.<\/p>\n\n\n<div class=\"affx-pros-cons-wrapper wp-block-affiliatex-pros-and-cons\" id=\"affiliatex-pros-cons-style-a975b6d7-a402-4472-9eeb-540ba36ea096\">\n\t<div class=\"affx-pros-cons-inner-wrapper layout-type-1 content-align-left\">\n\t\t<div class=\"affx-pros-inner\">\n\t\t\t<div class=\"pros-icon-title-wrap\">\n\t\t\t\t<div class=\"affiliatex-block-pros\">\n\t\t\t\t\t\t\t\t\t\t\t<i class=\"far fa-thumbs-up\"><\/i>\n\t\t\t\t\t\t\t\t\t\t<p class=\"affiliatex-title\">ventajas<\/p>\n\t\t\t\t<\/div>\n\t\t\t<\/div>\n\t\t\t<div class=\"affiliatex-pros\">\n\t\t\t\t\t\t\t\t\t\t<ul class=\"affiliatex-list affiliatex-list-type-unordered afx-icon-list\">\n\t\t\t\t\t\t\t\t\t\t\t\t\t\t<li>\n\t\t\t\t\t\t\t\t\t\t\t<i class=\"far fa-circle-check\"><\/i>\n\t\t\t\t\t\t\t\t\t\t<span>Este cofre de techo cl\u00e1sico viene con inhibidores de rayos UV que evitan que se agrieten y se desvanezcan.<\/span>\n\t\t\t\t<\/li>\n\t\t\t\t\t\t\t\t\t\t\t\t\t\t\t\t<li>\n\t\t\t\t\t\t\t\t\t\t\t<i class=\"far fa-circle-check\"><\/i>\n\t\t\t\t\t\t\t\t\t\t<span>Esta es una caja de carga de techo peque\u00f1a y compacta para la Chrysler Pacifica.<\/span>\n\t\t\t\t<\/li>\n\t\t\t\t\t\t\t\t\t\t\t\t\t\t\t\t<li>\n\t\t\t\t\t\t\t\t\t\t\t<i class=\"far fa-circle-check\"><\/i>\n\t\t\t\t\t\t\t\t\t\t<span>Excelente aerodin\u00e1mica para mejorar la econom\u00eda de combustible y reducir el ruido del viento.<\/span>\n\t\t\t\t<\/li>\n\t\t\t\t\t\t\t\t\t\t\t\t\t\t\t\t<li>\n\t\t\t\t\t\t\t\t\t\t\t<i class=\"far fa-circle-check\"><\/i>\n\t\t\t\t\t\t\t\t\t\t<span>Cuenta con pestillos resistentes a la intemperie para proteger la caja de carga.<\/span>\n\t\t\t\t<\/li>\n\t\t\t\t\t\t\t\t\t\t\t\t\t\t\t\t<li>\n\t\t\t\t\t\t\t\t\t\t\t<i class=\"far fa-circle-check\"><\/i>\n\t\t\t\t\t\t\t\t\t\t<span>Esta es una caja de almacenamiento de techo asequible para su Chrysler Pacifica.<\/span>\n\t\t\t\t<\/li>\n\t\t\t\t\t\t\t<\/ul>\n\t\t\t\t\t\t\t<\/div>\n\t\t<\/div>\n\t\t<div class=\"affx-cons-inner\">\n\t\t\t<div class=\"cons-icon-title-wrap\">\n\t\t\t\t<div class=\"affiliatex-block-cons\">\n\t\t\t\t\t\t\t\t\t\t\t<i class=\"far fa-thumbs-down\"><\/i>\n\t\t\t\t\t\t\t\t\t\t<p class=\"affiliatex-title\">Contras<\/p>\n\t\t\t\t<\/div>\n\t\t\t<\/div>\n\t\t\t<div class=\"affiliatex-cons\">\n\t\t\t\t\t\t\t\t\t\t<ul class=\"affiliatex-list affiliatex-list-type-unordered afx-icon-list\">\n\t\t\t\t\t\t\t\t\t\t\t\t\t\t<li>\n\t\t\t\t\t\t\t\t\t\t\t<i class=\"far fa-circle-xmark\"><\/i>\n\t\t\t\t\t\t\t\t\t\t<span>No es un nombre popular.<\/span>\n\t\t\t\t<\/li>\n\t\t\t\t\t\t\t\t\t\t\t\t\t\t\t\t<li>\n\t\t\t\t\t\t\t\t\t\t\t<i class=\"far fa-circle-xmark\"><\/i>\n\t\t\t\t\t\t\t\t\t\t<span>Su peque\u00f1o factor de forma limita su capacidad de carga.<\/span>\n\t\t\t\t<\/li>\n\t\t\t\t\t\t\t\t\t\t\t\t\t\t\t\t<li>\n\t\t\t\t\t\t\t\t\t\t\t<i class=\"far fa-circle-xmark\"><\/i>\n\t\t\t\t\t\t\t\t\t\t<span>Puede que no sea enorme en la est\u00e9tica.<\/span>\n\t\t\t\t<\/li>\n\t\t\t\t\t\t\t<\/ul>\n\t\t\t\t\t\t\t<\/div>\n\t\t<\/div>\n\t<\/div>\n<\/div>\n\n\n<div class=\"affx-btn-wrapper wp-block-affiliatex-buttons\" id=\"affiliatex-blocks-style-8b6cb402-6326-4311-aa72-5bf28eeec9a7\">\n\t<div class=\"affx-btn-inner\">\n\t\t<a href=\"https:\/\/www.amazon.com\/JEGS-Performance-Products-Rooftop-Capacity\/dp\/B078WK774N?th=1&#038;linkCode=ll1&#038;tag=roofbags-20&#038;linkId=97822f8d61175184a2c102b6d72cadbf&#038;language=en_US&#038;ref_=as_li_ss_tl\" class=\"affiliatex-button btn-align-flex-start btn-is-medium btn-is-flex-medium icon-right\" rel=\"noopener\" target=\"_blank\">\n\t\t\t\t\t\t<span class=\"affiliatex-btn\">Consultar precio en Amazon<\/span>\n\t\t\t<i class=\"button-icon fas fa-arrow-right\"><\/i>\t\t\t\t\t<\/a>\n\t<\/div>\n<\/div>\n\n\n\n<h3 class=\"wp-block-heading\">5. El portaequipajes de techo Thule Motion XT<\/h3>\n\n\n\n<figure class=\"wp-block-image size-large\"><a href=\"https:\/\/www.amazon.com\/Thule-Motion-Rooftop-Cargo-Carrier\/dp\/B0861ZQ5ZT?&amp;linkCode=ll1&amp;tag=roofbags-20&amp;linkId=3287291b46c4e73640db6ac52522dfce&amp;language=en_US&amp;ref_=as_li_ss_tl\" target=\"_blank\" rel=\"noreferrer noopener\"><img loading=\"lazy\" decoding=\"async\" width=\"1024\" height=\"600\" src=\"https:\/\/bestroofbags.com\/wp-content\/uploads\/2022\/10\/Thule-Motion-XT-Rooftop-Cargo-Carrier-1024x600.jpeg\" alt=\"Portaequipajes de techo Thule Motion XT\" class=\"wp-image-6747\" title=\"\" srcset=\"https:\/\/www.bestroofbags.com\/wp-content\/uploads\/2022\/10\/Thule-Motion-XT-Rooftop-Cargo-Carrier-1024x600.jpeg 1024w, https:\/\/www.bestroofbags.com\/wp-content\/uploads\/2022\/10\/Thule-Motion-XT-Rooftop-Cargo-Carrier-300x176.jpeg 300w, https:\/\/www.bestroofbags.com\/wp-content\/uploads\/2022\/10\/Thule-Motion-XT-Rooftop-Cargo-Carrier-768x450.jpeg 768w, https:\/\/www.bestroofbags.com\/wp-content\/uploads\/2022\/10\/Thule-Motion-XT-Rooftop-Cargo-Carrier-18x12.jpeg 18w, https:\/\/www.bestroofbags.com\/wp-content\/uploads\/2022\/10\/Thule-Motion-XT-Rooftop-Cargo-Carrier.jpeg 1500w\" sizes=\"(max-width: 1024px) 100vw, 1024px\" \/><\/a><\/figure>\n\n\n\n<p>los <a href=\"https:\/\/www.bestroofbags.com\/es\/thule-cofres-de-techo\/\">El portaequipajes de techo Thule Motion XT es una caja de carga de almacenamiento en el techo ideal<\/a> para tu Chrysler Pac\u00edfica. Al igual que con todas las cajas de almacenamiento de carga en el techo de Thule, Thule Motion XT presenta una gran ergonom\u00eda que est\u00e1 influenciada por sus dise\u00f1os aerodin\u00e1micos. Esta forma y dise\u00f1o lo convierten en la opci\u00f3n ideal para todo tipo de veh\u00edculos, en especial la Chrysler Pacifica.<\/p>\n\n\n\n<p>Esta es una caja de techo que se ofrece en variantes de cuatro tama\u00f1os. Si bien el portaequipajes de techo Thule Motion XT tiende a parecer voluminoso y pesado, no lo es. La caja parece m\u00e1s ligera de lo que parece porque se ha fabricado con materiales ligeros.<\/p>\n\n\n\n<p>Una gran ventaja de esta caja de carga es que cuenta con bisagras dobles. Con las bisagras dobles, puede abrir f\u00e1cilmente esta caja de carga en el techo desde el lado del pasajero o desde el lado del conductor. Adem\u00e1s, la caja de carga del techo viene con cerraduras deslizantes y manijas grandes para mejorar su facilidad de uso.<\/p>\n\n\n<div class=\"affx-pros-cons-wrapper wp-block-affiliatex-pros-and-cons\" id=\"affiliatex-pros-cons-style-af157eea-6dc8-46b8-8c6b-51e8724b8856\">\n\t<div class=\"affx-pros-cons-inner-wrapper layout-type-1 content-align-left\">\n\t\t<div class=\"affx-pros-inner\">\n\t\t\t<div class=\"pros-icon-title-wrap\">\n\t\t\t\t<div class=\"affiliatex-block-pros\">\n\t\t\t\t\t\t\t\t\t\t\t<i class=\"far fa-thumbs-up\"><\/i>\n\t\t\t\t\t\t\t\t\t\t<p class=\"affiliatex-title\">ventajas<\/p>\n\t\t\t\t<\/div>\n\t\t\t<\/div>\n\t\t\t<div class=\"affiliatex-pros\">\n\t\t\t\t\t\t\t\t\t\t<ul class=\"affiliatex-list affiliatex-list-type-unordered afx-icon-list\">\n\t\t\t\t\t\t\t\t\t\t\t\t\t\t<li>\n\t\t\t\t\t\t\t\t\t\t\t<i class=\"far fa-circle-check\"><\/i>\n\t\t\t\t\t\t\t\t\t\t<span>Este producto proviene de una empresa de gran reputaci\u00f3n.<\/span>\n\t\t\t\t<\/li>\n\t\t\t\t\t\t\t\t\t\t\t\t\t\t\t\t<li>\n\t\t\t\t\t\t\t\t\t\t\t<i class=\"far fa-circle-check\"><\/i>\n\t\t\t\t\t\t\t\t\t\t<span>Viene con un gran dise\u00f1o aerodin\u00e1mico.<\/span>\n\t\t\t\t<\/li>\n\t\t\t\t\t\t\t\t\t\t\t\t\t\t\t\t<li>\n\t\t\t\t\t\t\t\t\t\t\t<i class=\"far fa-circle-check\"><\/i>\n\t\t\t\t\t\t\t\t\t\t<span>Viene en cuatro variantes de tama\u00f1o diferentes.<\/span>\n\t\t\t\t<\/li>\n\t\t\t\t\t\t\t\t\t\t\t\t\t\t\t\t<li>\n\t\t\t\t\t\t\t\t\t\t\t<i class=\"far fa-circle-check\"><\/i>\n\t\t\t\t\t\t\t\t\t\t<span>Cuenta con un dise\u00f1o elegante y suave.<\/span>\n\t\t\t\t<\/li>\n\t\t\t\t\t\t\t<\/ul>\n\t\t\t\t\t\t\t<\/div>\n\t\t<\/div>\n\t\t<div class=\"affx-cons-inner\">\n\t\t\t<div class=\"cons-icon-title-wrap\">\n\t\t\t\t<div class=\"affiliatex-block-cons\">\n\t\t\t\t\t\t\t\t\t\t\t<i class=\"far fa-thumbs-down\"><\/i>\n\t\t\t\t\t\t\t\t\t\t<p class=\"affiliatex-title\">Contras<\/p>\n\t\t\t\t<\/div>\n\t\t\t<\/div>\n\t\t\t<div class=\"affiliatex-cons\">\n\t\t\t\t\t\t\t\t\t\t<ul class=\"affiliatex-list affiliatex-list-type-unordered afx-icon-list\">\n\t\t\t\t\t\t\t\t\t\t\t\t\t\t<li>\n\t\t\t\t\t\t\t\t\t\t\t<i class=\"far fa-circle-xmark\"><\/i>\n\t\t\t\t\t\t\t\t\t\t<span>Solo disponible en colores limitados.<\/span>\n\t\t\t\t<\/li>\n\t\t\t\t\t\t\t<\/ul>\n\t\t\t\t\t\t\t<\/div>\n\t\t<\/div>\n\t<\/div>\n<\/div>\n\n\n<div class=\"affx-btn-wrapper wp-block-affiliatex-buttons\" id=\"affiliatex-blocks-style-66dda8d3-89c5-4d53-bc55-17414f6e11db\">\n\t<div class=\"affx-btn-inner\">\n\t\t<a href=\"https:\/\/www.amazon.com\/Thule-Motion-Rooftop-Cargo-Carrier\/dp\/B0861ZQ5ZT?&#038;linkCode=ll1&#038;tag=roofbags-20&#038;linkId=3287291b46c4e73640db6ac52522dfce&#038;language=en_US&#038;ref_=as_li_ss_tl\" class=\"affiliatex-button btn-align-flex-start btn-is-medium btn-is-flex-medium icon-right\" rel=\"noopener\" target=\"_blank\">\n\t\t\t\t\t\t<span class=\"affiliatex-btn\">Consultar precio en Amazon<\/span>\n\t\t\t<i class=\"button-icon fas fa-arrow-right\"><\/i>\t\t\t\t\t<\/a>\n\t<\/div>\n<\/div>\n\n\n\n<h2 class=\"wp-block-heading\">Preguntas frecuentes sobre el almacenamiento de carga en el techo de la Chrysler Pacifica<\/h2>\n\n\n<div id=\"rank-math-faq\" class=\"rank-math-block\">\n<div class=\"rank-math-list\">\n<div id=\"faq-question-1665350781261\" class=\"rank-math-list-item\">\n<h3 class=\"rank-math-question\">1. \u00bfExisten barras de techo para la Chrysler Pacifica?<\/h3>\n<div class=\"rank-math-answer\">\n\n<p>La nueva Chrysler Pacifica 2021 viene con un sistema de portaequipajes en el techo bien dise\u00f1ado que se conoce h\u00e1bilmente como &quot;Stow N Place&quot;. Esta nueva caracter\u00edstica le permite instalar las barras transversales en el propio SUV en lugar de desmontarlo y guardarlo en alg\u00fan lugar dentro de su garaje.<\/p>\n\n<\/div>\n<\/div>\n<div id=\"faq-question-1665350791318\" class=\"rank-math-list-item\">\n<h3 class=\"rank-math-question\">2. \u00bfC\u00f3mo instalo un portaequipajes en mi Chrysler Pacifica?<\/h3>\n<div class=\"rank-math-answer\">\n\n<p>Si tiene un Chrysler Pacific, puede instalar f\u00e1cilmente el portaequipajes en el techo del autom\u00f3vil. Mientras lo hace, aseg\u00farese de dejar un espacio de aproximadamente 8 pulgadas en la parte delantera del veh\u00edculo. Esto significa que la cara delantera del portaequipajes del techo debe estar a un m\u00ednimo de 8 pulgadas por detr\u00e1s de la cara delantera del techo del veh\u00edculo. Esto ayudar\u00e1 a minimizar el ruido del viento y mejorar\u00e1 el consumo de gasolina de tu Chrysler Pacifica.<\/p>\n\n<\/div>\n<\/div>\n<div id=\"faq-question-1665350832305\" class=\"rank-math-list-item\">\n<h3 class=\"rank-math-question\">3. \u00bfPuedo instalar una baca en mi Chrysler Pacifica?<\/h3>\n<div class=\"rank-math-answer\">\n\n<p>Algunos modelos de la Chrysler Pacifica vienen con portaequipajes instalados de f\u00e1brica. Sin embargo, algunos otros no vienen con barras de amarre en el techo. No es para preocuparse. \u00bfPor qu\u00e9 muchos SUV y autom\u00f3viles parecen tener un sistema b\u00e1sico de portaequipajes en el techo y no todos los veh\u00edculos tienen portaequipajes en el techo? Afortunadamente, puede instalar f\u00e1cilmente una baca en su Chrysler Pacifica comprando una opci\u00f3n adecuada en el mercado. Con un portaequipajes en el techo, puede convertir su autom\u00f3vil en una m\u00e1quina de viaje vers\u00e1til para viajes familiares y de aventura.<\/p>\n\n<\/div>\n<\/div>\n<div id=\"faq-question-1665350854241\" class=\"rank-math-list-item\">\n<h3 class=\"rank-math-question\">4. \u00bfLa baca da\u00f1ar\u00e1 mi Chrysler Pacifica?<\/h3>\n<div class=\"rank-math-answer\">\n\n<p>No. Una baca nunca da\u00f1ar\u00e1 tu Chrysler Pacifica. Si compra el portaequipajes adecuado para su veh\u00edculo, nunca lo da\u00f1ar\u00e1. Sin embargo, la instalaci\u00f3n incorrecta, el descuido y el uso inapropiado de la baca ciertamente da\u00f1ar\u00e1n su Chrysler Pacifica. Por eso es importante seguir todas las instrucciones incluidas durante la instalaci\u00f3n de las barras de techo.<\/p>\n\n<\/div>\n<\/div>\n<div id=\"faq-question-1665350884945\" class=\"rank-math-list-item\">\n<h3 class=\"rank-math-question\">5. \u00bfC\u00f3mo afectar\u00e1 una baca en mi Chrysler Pacifica?<\/h3>\n<div class=\"rank-math-answer\">\n\n<p>Con un portaequipajes en la parte superior de su Chrysler Pacifica, la resistencia al viento del autom\u00f3vil sin duda aumentar\u00e1. Esto significa que su consumo de combustible aumentar\u00e1. Esto significa que siempre que no est\u00e9 utilizando la baca, debe quitarla. Sin embargo, durante el uso, una baca con gran aerodin\u00e1mica ayudar\u00e1 a minimizar la resistencia al viento. Sin embargo, todos los portaequipajes de techo, cuando no est\u00e9n en uso, deben retirarse de su veh\u00edculo.<\/p>\n\n<\/div>\n<\/div>\n<\/div>\n<\/div>\n\n\n<p><\/p>","protected":false},"excerpt":{"rendered":"<p>The Chrysler Pacifica is a very remarkable vehicle that comes with all the most amazing specifications for a minivan. This is a typical US-made vehicle that has been optimized for a maximum family adventure. Over the years, the Chrysler Pacifica has received various upgrades to its designs and aesthetics. However, the trunk storage capacity remains [&hellip;]<\/p>\n","protected":false},"author":6,"featured_media":6779,"comment_status":"closed","ping_status":"closed","sticky":false,"template":"","format":"standard","meta":{"site-sidebar-layout":"default","site-content-layout":"","ast-site-content-layout":"default","site-content-style":"default","site-sidebar-style":"default","ast-global-header-display":"","ast-banner-title-visibility":"","ast-main-header-display":"","ast-hfb-above-header-display":"","ast-hfb-below-header-display":"","ast-hfb-mobile-header-display":"","site-post-title":"","ast-breadcrumbs-content":"","ast-featured-img":"","footer-sml-layout":"","ast-disable-related-posts":"","theme-transparent-header-meta":"","adv-header-id-meta":"","stick-header-meta":"","header-above-stick-meta":"","header-main-stick-meta":"","header-below-stick-meta":"","astra-migrate-meta-layouts":"default","ast-page-background-enabled":"default","ast-page-background-meta":{"desktop":{"background-color":"var(--ast-global-color-4)","background-image":"","background-repeat":"repeat","background-position":"center center","background-size":"auto","background-attachment":"scroll","background-type":"","background-media":"","overlay-type":"","overlay-color":"","overlay-opacity":"","overlay-gradient":""},"tablet":{"background-color":"","background-image":"","background-repeat":"repeat","background-position":"center center","background-size":"auto","background-attachment":"scroll","background-type":"","background-media":"","overlay-type":"","overlay-color":"","overlay-opacity":"","overlay-gradient":""},"mobile":{"background-color":"","background-image":"","background-repeat":"repeat","background-position":"center center","background-size":"auto","background-attachment":"scroll","background-type":"","background-media":"","overlay-type":"","overlay-color":"","overlay-opacity":"","overlay-gradient":""}},"ast-content-background-meta":{"desktop":{"background-color":"var(--ast-global-color-5)","background-image":"","background-repeat":"repeat","background-position":"center center","background-size":"auto","background-attachment":"scroll","background-type":"","background-media":"","overlay-type":"","overlay-color":"","overlay-opacity":"","overlay-gradient":""},"tablet":{"background-color":"var(--ast-global-color-5)","background-image":"","background-repeat":"repeat","background-position":"center center","background-size":"auto","background-attachment":"scroll","background-type":"","background-media":"","overlay-type":"","overlay-color":"","overlay-opacity":"","overlay-gradient":""},"mobile":{"background-color":"var(--ast-global-color-5)","background-image":"","background-repeat":"repeat","background-position":"center center","background-size":"auto","background-attachment":"scroll","background-type":"","background-media":"","overlay-type":"","overlay-color":"","overlay-opacity":"","overlay-gradient":""}},"footnotes":""},"categories":[29],"tags":[84,85],"class_list":["post-6768","post","type-post","status-publish","format-standard","has-post-thumbnail","hentry","category-car-specific-guides","tag-chrysler-pacifica-roof-storage","tag-chrysler-pacifica-roof-storage-box"],"_links":{"self":[{"href":"https:\/\/www.bestroofbags.com\/es\/wp-json\/wp\/v2\/posts\/6768","targetHints":{"allow":["GET"]}}],"collection":[{"href":"https:\/\/www.bestroofbags.com\/es\/wp-json\/wp\/v2\/posts"}],"about":[{"href":"https:\/\/www.bestroofbags.com\/es\/wp-json\/wp\/v2\/types\/post"}],"author":[{"embeddable":true,"href":"https:\/\/www.bestroofbags.com\/es\/wp-json\/wp\/v2\/users\/6"}],"replies":[{"embeddable":true,"href":"https:\/\/www.bestroofbags.com\/es\/wp-json\/wp\/v2\/comments?post=6768"}],"version-history":[{"count":12,"href":"https:\/\/www.bestroofbags.com\/es\/wp-json\/wp\/v2\/posts\/6768\/revisions"}],"predecessor-version":[{"id":7443,"href":"https:\/\/www.bestroofbags.com\/es\/wp-json\/wp\/v2\/posts\/6768\/revisions\/7443"}],"wp:featuredmedia":[{"embeddable":true,"href":"https:\/\/www.bestroofbags.com\/es\/wp-json\/wp\/v2\/media\/6779"}],"wp:attachment":[{"href":"https:\/\/www.bestroofbags.com\/es\/wp-json\/wp\/v2\/media?parent=6768"}],"wp:term":[{"taxonomy":"category","embeddable":true,"href":"https:\/\/www.bestroofbags.com\/es\/wp-json\/wp\/v2\/categories?post=6768"},{"taxonomy":"post_tag","embeddable":true,"href":"https:\/\/www.bestroofbags.com\/es\/wp-json\/wp\/v2\/tags?post=6768"}],"curies":[{"name":"wp","href":"https:\/\/api.w.org\/{rel}","templated":true}]}}